{"id":5935,"date":"2019-12-10T10:31:15","date_gmt":"2019-12-10T09:31:15","guid":{"rendered":"https:\/\/perskindol.ch\/?p=5935"},"modified":"2023-01-23T12:32:12","modified_gmt":"2023-01-23T11:32:12","slug":"preparation-physique-mentale-avec-patrick-fischer","status":"publish","type":"post","link":"https:\/\/perskindol.ch\/fr\/blog\/preparation-physique-mentale-avec-patrick-fischer\/","title":{"rendered":"Pr\u00e9paration physique &#038; mentale avec Patrick Fischer"},"content":{"rendered":"\n<p class=\"wp-block-paragraph\">Le coach de l\u2019\u00e9quipe suisse de hockey sur glace Patrick Fischer nous explique comment ses joueurs se pr\u00e9parent physiquement et mentalement au championnat du monde qui se tiendra en Suisse en 2020. Les pr\u00e9paratifs ont d\u00e9j\u00e0 commenc\u00e9 un an auparavant avec des entra\u00eenements en vue de la comp\u00e9tition qui comptera jusqu\u2019\u00e0 10 matches en seulement 14 jours&nbsp;! Patrick Fischer souligne aussi l\u2019importance du sommeil en phrase de r\u00e9cup\u00e9ration.<\/p>\n\n\n\n<div class=\"iframe-container\"><iframe width=\"560\" height=\"315\" src=\"https:\/\/www.youtube.com\/embed\/Mt37rCeeTP4\" title=\"YouTube video player\" frameborder=\"0\" allow=\"accelerometer; autoplay; clipboard-write; encrypted-media; gyroscope; picture-in-picture; web-share\" allowfullscreen=\"\"><\/iframe><\/div>\n","protected":false},"excerpt":{"rendered":"<p>Le coach de l\u2019\u00e9quipe suisse de hockey sur glace Patrick Fischer nous explique comment ses joueurs se pr\u00e9parent physiquement et mentalement au championnat du monde qui se tiendra en Suisse en 2020. Les pr\u00e9paratifs ont d\u00e9j\u00e0 commenc\u00e9 un an auparavant avec des entra\u00eenements en vue de la comp\u00e9tition qui comptera jusqu\u2019\u00e0 10 matches en seulement [&hellip;]<\/p>\n","protected":false},"author":1,"featured_media":18711,"comment_status":"open","ping_status":"open","sticky":false,"template":"","format":"standard","meta":{"footnotes":""},"categories":[1,14],"tags":[],"class_list":["post-5935","post","type-post","status-publish","format-standard","has-post-thumbnail","hentry","category-actualites","category-conseils-dexperts"],"yoast_head":"<!-- This site is optimized with the Yoast SEO plugin v28.4 - https:\/\/yoast.com\/product\/yoast-seo-wordpress\/ -->\n<title>Pr\u00e9paration physique &amp; mentale avec Patrick Fischer - Perskindol\u00ae<\/title>\n<meta name=\"robots\" content=\"index, follow, max-snippet:-1, max-image-preview:large, max-video-preview:-1\" \/>\n<link rel=\"canonical\" href=\"https:\/\/perskindol.ch\/fr\/blog\/preparation-physique-mentale-avec-patrick-fischer\/\" \/>\n<meta property=\"og:locale\" content=\"fr_FR\" \/>\n<meta property=\"og:type\" content=\"article\" \/>\n<meta property=\"og:title\" content=\"Pr\u00e9paration physique &amp; mentale avec Patrick Fischer - Perskindol\u00ae\" \/>\n<meta property=\"og:description\" content=\"Le coach de l\u2019\u00e9quipe suisse de hockey sur glace Patrick Fischer nous explique comment ses joueurs se pr\u00e9parent physiquement et mentalement au championnat du monde qui se tiendra en Suisse en 2020. Les pr\u00e9paratifs ont d\u00e9j\u00e0 commenc\u00e9 un an auparavant avec des entra\u00eenements en vue de la comp\u00e9tition qui comptera jusqu\u2019\u00e0 10 matches en seulement [&hellip;]\" \/>\n<meta property=\"og:url\" content=\"https:\/\/perskindol.ch\/fr\/blog\/preparation-physique-mentale-avec-patrick-fischer\/\" \/>\n<meta property=\"og:site_name\" content=\"Perskindol\u00ae\" \/>\n<meta property=\"article:published_time\" content=\"2019-12-10T09:31:15+00:00\" \/>\n<meta property=\"article:modified_time\" content=\"2023-01-23T11:32:12+00:00\" \/>\n<meta property=\"og:image\" content=\"https:\/\/perskindol.ch\/wp-content\/uploads\/2022\/04\/perskindol-patrick-fischer-preparation-physique-mentale.jpeg\" \/>\n\t<meta property=\"og:image:width\" content=\"1112\" \/>\n\t<meta property=\"og:image:height\" content=\"626\" \/>\n\t<meta property=\"og:image:type\" content=\"image\/jpeg\" \/>\n<meta name=\"author\" content=\"John Ch\u00e2tel\" \/>\n<meta name=\"twitter:card\" content=\"summary_large_image\" \/>\n<meta name=\"twitter:label1\" content=\"Written by\" \/>\n\t<meta name=\"twitter:data1\" content=\"John Ch\u00e2tel\" \/>\n<script type=\"application\/ld+json\" class=\"yoast-schema-graph\">{\"@context\":\"https:\\\/\\\/schema.org\",\"@graph\":[{\"@type\":\"Article\",\"@id\":\"https:\\\/\\\/perskindol.ch\\\/fr\\\/blog\\\/preparation-physique-mentale-avec-patrick-fischer\\\/#article\",\"isPartOf\":{\"@id\":\"https:\\\/\\\/perskindol.ch\\\/fr\\\/blog\\\/preparation-physique-mentale-avec-patrick-fischer\\\/\"},\"author\":{\"name\":\"John Ch\u00e2tel\",\"@id\":\"https:\\\/\\\/perskindol.ch\\\/fr\\\/#\\\/schema\\\/person\\\/79a6cca87bdbfd171bf31fd466f34b6c\"},\"headline\":\"Pr\u00e9paration physique &#038; mentale avec Patrick Fischer\",\"datePublished\":\"2019-12-10T09:31:15+00:00\",\"dateModified\":\"2023-01-23T11:32:12+00:00\",\"mainEntityOfPage\":{\"@id\":\"https:\\\/\\\/perskindol.ch\\\/fr\\\/blog\\\/preparation-physique-mentale-avec-patrick-fischer\\\/\"},\"wordCount\":82,\"commentCount\":0,\"publisher\":{\"@id\":\"https:\\\/\\\/perskindol.ch\\\/fr\\\/#organization\"},\"image\":{\"@id\":\"https:\\\/\\\/perskindol.ch\\\/fr\\\/blog\\\/preparation-physique-mentale-avec-patrick-fischer\\\/#primaryimage\"},\"thumbnailUrl\":\"https:\\\/\\\/perskindol.ch\\\/wp-content\\\/uploads\\\/2022\\\/04\\\/perskindol-patrick-fischer-preparation-physique-mentale.jpeg\",\"articleSection\":[\"Actualit\u00e9s\",\"Conseils d'experts\"],\"inLanguage\":\"fr\",\"potentialAction\":[{\"@type\":\"CommentAction\",\"name\":\"Comment\",\"target\":[\"https:\\\/\\\/perskindol.ch\\\/fr\\\/blog\\\/preparation-physique-mentale-avec-patrick-fischer\\\/#respond\"]}]},{\"@type\":\"WebPage\",\"@id\":\"https:\\\/\\\/perskindol.ch\\\/fr\\\/blog\\\/preparation-physique-mentale-avec-patrick-fischer\\\/\",\"url\":\"https:\\\/\\\/perskindol.ch\\\/fr\\\/blog\\\/preparation-physique-mentale-avec-patrick-fischer\\\/\",\"name\":\"Pr\u00e9paration physique & mentale avec Patrick Fischer - Perskindol\u00ae\",\"isPartOf\":{\"@id\":\"https:\\\/\\\/perskindol.ch\\\/fr\\\/#website\"},\"primaryImageOfPage\":{\"@id\":\"https:\\\/\\\/perskindol.ch\\\/fr\\\/blog\\\/preparation-physique-mentale-avec-patrick-fischer\\\/#primaryimage\"},\"image\":{\"@id\":\"https:\\\/\\\/perskindol.ch\\\/fr\\\/blog\\\/preparation-physique-mentale-avec-patrick-fischer\\\/#primaryimage\"},\"thumbnailUrl\":\"https:\\\/\\\/perskindol.ch\\\/wp-content\\\/uploads\\\/2022\\\/04\\\/perskindol-patrick-fischer-preparation-physique-mentale.jpeg\",\"datePublished\":\"2019-12-10T09:31:15+00:00\",\"dateModified\":\"2023-01-23T11:32:12+00:00\",\"breadcrumb\":{\"@id\":\"https:\\\/\\\/perskindol.ch\\\/fr\\\/blog\\\/preparation-physique-mentale-avec-patrick-fischer\\\/#breadcrumb\"},\"inLanguage\":\"fr\",\"potentialAction\":[{\"@type\":\"ReadAction\",\"target\":[\"https:\\\/\\\/perskindol.ch\\\/fr\\\/blog\\\/preparation-physique-mentale-avec-patrick-fischer\\\/\"]}]},{\"@type\":\"ImageObject\",\"inLanguage\":\"fr\",\"@id\":\"https:\\\/\\\/perskindol.ch\\\/fr\\\/blog\\\/preparation-physique-mentale-avec-patrick-fischer\\\/#primaryimage\",\"url\":\"https:\\\/\\\/perskindol.ch\\\/wp-content\\\/uploads\\\/2022\\\/04\\\/perskindol-patrick-fischer-preparation-physique-mentale.jpeg\",\"contentUrl\":\"https:\\\/\\\/perskindol.ch\\\/wp-content\\\/uploads\\\/2022\\\/04\\\/perskindol-patrick-fischer-preparation-physique-mentale.jpeg\",\"width\":1112,\"height\":626,\"caption\":\"Le blog Perskindol offre des conseils et des astuces pour g\u00e9rer la douleur. D\u00e9couvrez nos articles pour vous aider \u00e0 mener une vie plus confortable.\"},{\"@type\":\"BreadcrumbList\",\"@id\":\"https:\\\/\\\/perskindol.ch\\\/fr\\\/blog\\\/preparation-physique-mentale-avec-patrick-fischer\\\/#breadcrumb\",\"itemListElement\":[{\"@type\":\"ListItem\",\"position\":1,\"name\":\"Home\",\"item\":\"https:\\\/\\\/perskindol.ch\\\/\"},{\"@type\":\"ListItem\",\"position\":2,\"name\":\"Pr\u00e9paration physique &#038; mentale avec Patrick Fischer\"}]},{\"@type\":\"WebSite\",\"@id\":\"https:\\\/\\\/perskindol.ch\\\/fr\\\/#website\",\"url\":\"https:\\\/\\\/perskindol.ch\\\/fr\\\/\",\"name\":\"Perskindol\u00ae\",\"description\":\"Fort contre la douleur\",\"publisher\":{\"@id\":\"https:\\\/\\\/perskindol.ch\\\/fr\\\/#organization\"},\"potentialAction\":[{\"@type\":\"SearchAction\",\"target\":{\"@type\":\"EntryPoint\",\"urlTemplate\":\"https:\\\/\\\/perskindol.ch\\\/fr\\\/?s={search_term_string}\"},\"query-input\":{\"@type\":\"PropertyValueSpecification\",\"valueRequired\":true,\"valueName\":\"search_term_string\"}}],\"inLanguage\":\"fr\"},{\"@type\":\"Organization\",\"@id\":\"https:\\\/\\\/perskindol.ch\\\/fr\\\/#organization\",\"name\":\"Perskindol\u00ae\",\"url\":\"https:\\\/\\\/perskindol.ch\\\/fr\\\/\",\"logo\":{\"@type\":\"ImageObject\",\"inLanguage\":\"fr\",\"@id\":\"https:\\\/\\\/perskindol.ch\\\/fr\\\/#\\\/schema\\\/logo\\\/image\\\/\",\"url\":\"https:\\\/\\\/perskindol.ch\\\/wp-content\\\/uploads\\\/2021\\\/07\\\/logo_perskindol_dark.svg\",\"contentUrl\":\"https:\\\/\\\/perskindol.ch\\\/wp-content\\\/uploads\\\/2021\\\/07\\\/logo_perskindol_dark.svg\",\"width\":127,\"height\":24,\"caption\":\"Perskindol\u00ae\"},\"image\":{\"@id\":\"https:\\\/\\\/perskindol.ch\\\/fr\\\/#\\\/schema\\\/logo\\\/image\\\/\"}},{\"@type\":\"Person\",\"@id\":\"https:\\\/\\\/perskindol.ch\\\/fr\\\/#\\\/schema\\\/person\\\/79a6cca87bdbfd171bf31fd466f34b6c\",\"name\":\"John Ch\u00e2tel\",\"image\":{\"@type\":\"ImageObject\",\"inLanguage\":\"fr\",\"@id\":\"https:\\\/\\\/secure.gravatar.com\\\/avatar\\\/4792abfedf04d0c042bb1fdf5c72fc5a479110a33c6ded4113e552e6d44a85ba?s=96&d=mm&r=g\",\"url\":\"https:\\\/\\\/secure.gravatar.com\\\/avatar\\\/4792abfedf04d0c042bb1fdf5c72fc5a479110a33c6ded4113e552e6d44a85ba?s=96&d=mm&r=g\",\"contentUrl\":\"https:\\\/\\\/secure.gravatar.com\\\/avatar\\\/4792abfedf04d0c042bb1fdf5c72fc5a479110a33c6ded4113e552e6d44a85ba?s=96&d=mm&r=g\",\"caption\":\"John Ch\u00e2tel\"},\"sameAs\":[\"https:\\\/\\\/perskindol.mediagood.ch\"],\"url\":\"https:\\\/\\\/perskindol.ch\\\/fr\\\/author\\\/john\\\/\"}]}<\/script>\n<!-- \/ Yoast SEO plugin. -->","yoast_head_json":{"title":"Pr\u00e9paration physique & mentale avec Patrick Fischer - Perskindol\u00ae","robots":{"index":"index","follow":"follow","max-snippet":"max-snippet:-1","max-image-preview":"max-image-preview:large","max-video-preview":"max-video-preview:-1"},"canonical":"https:\/\/perskindol.ch\/fr\/blog\/preparation-physique-mentale-avec-patrick-fischer\/","og_locale":"fr_FR","og_type":"article","og_title":"Pr\u00e9paration physique & mentale avec Patrick Fischer - Perskindol\u00ae","og_description":"Le coach de l\u2019\u00e9quipe suisse de hockey sur glace Patrick Fischer nous explique comment ses joueurs se pr\u00e9parent physiquement et mentalement au championnat du monde qui se tiendra en Suisse en 2020. Les pr\u00e9paratifs ont d\u00e9j\u00e0 commenc\u00e9 un an auparavant avec des entra\u00eenements en vue de la comp\u00e9tition qui comptera jusqu\u2019\u00e0 10 matches en seulement [&hellip;]","og_url":"https:\/\/perskindol.ch\/fr\/blog\/preparation-physique-mentale-avec-patrick-fischer\/","og_site_name":"Perskindol\u00ae","article_published_time":"2019-12-10T09:31:15+00:00","article_modified_time":"2023-01-23T11:32:12+00:00","og_image":[{"width":1112,"height":626,"url":"https:\/\/perskindol.ch\/wp-content\/uploads\/2022\/04\/perskindol-patrick-fischer-preparation-physique-mentale.jpeg","type":"image\/jpeg"}],"author":"John Ch\u00e2tel","twitter_card":"summary_large_image","twitter_misc":{"Written by":"John Ch\u00e2tel"},"schema":{"@context":"https:\/\/schema.org","@graph":[{"@type":"Article","@id":"https:\/\/perskindol.ch\/fr\/blog\/preparation-physique-mentale-avec-patrick-fischer\/#article","isPartOf":{"@id":"https:\/\/perskindol.ch\/fr\/blog\/preparation-physique-mentale-avec-patrick-fischer\/"},"author":{"name":"John Ch\u00e2tel","@id":"https:\/\/perskindol.ch\/fr\/#\/schema\/person\/79a6cca87bdbfd171bf31fd466f34b6c"},"headline":"Pr\u00e9paration physique &#038; mentale avec Patrick Fischer","datePublished":"2019-12-10T09:31:15+00:00","dateModified":"2023-01-23T11:32:12+00:00","mainEntityOfPage":{"@id":"https:\/\/perskindol.ch\/fr\/blog\/preparation-physique-mentale-avec-patrick-fischer\/"},"wordCount":82,"commentCount":0,"publisher":{"@id":"https:\/\/perskindol.ch\/fr\/#organization"},"image":{"@id":"https:\/\/perskindol.ch\/fr\/blog\/preparation-physique-mentale-avec-patrick-fischer\/#primaryimage"},"thumbnailUrl":"https:\/\/perskindol.ch\/wp-content\/uploads\/2022\/04\/perskindol-patrick-fischer-preparation-physique-mentale.jpeg","articleSection":["Actualit\u00e9s","Conseils d'experts"],"inLanguage":"fr","potentialAction":[{"@type":"CommentAction","name":"Comment","target":["https:\/\/perskindol.ch\/fr\/blog\/preparation-physique-mentale-avec-patrick-fischer\/#respond"]}]},{"@type":"WebPage","@id":"https:\/\/perskindol.ch\/fr\/blog\/preparation-physique-mentale-avec-patrick-fischer\/","url":"https:\/\/perskindol.ch\/fr\/blog\/preparation-physique-mentale-avec-patrick-fischer\/","name":"Pr\u00e9paration physique & mentale avec Patrick Fischer - Perskindol\u00ae","isPartOf":{"@id":"https:\/\/perskindol.ch\/fr\/#website"},"primaryImageOfPage":{"@id":"https:\/\/perskindol.ch\/fr\/blog\/preparation-physique-mentale-avec-patrick-fischer\/#primaryimage"},"image":{"@id":"https:\/\/perskindol.ch\/fr\/blog\/preparation-physique-mentale-avec-patrick-fischer\/#primaryimage"},"thumbnailUrl":"https:\/\/perskindol.ch\/wp-content\/uploads\/2022\/04\/perskindol-patrick-fischer-preparation-physique-mentale.jpeg","datePublished":"2019-12-10T09:31:15+00:00","dateModified":"2023-01-23T11:32:12+00:00","breadcrumb":{"@id":"https:\/\/perskindol.ch\/fr\/blog\/preparation-physique-mentale-avec-patrick-fischer\/#breadcrumb"},"inLanguage":"fr","potentialAction":[{"@type":"ReadAction","target":["https:\/\/perskindol.ch\/fr\/blog\/preparation-physique-mentale-avec-patrick-fischer\/"]}]},{"@type":"ImageObject","inLanguage":"fr","@id":"https:\/\/perskindol.ch\/fr\/blog\/preparation-physique-mentale-avec-patrick-fischer\/#primaryimage","url":"https:\/\/perskindol.ch\/wp-content\/uploads\/2022\/04\/perskindol-patrick-fischer-preparation-physique-mentale.jpeg","contentUrl":"https:\/\/perskindol.ch\/wp-content\/uploads\/2022\/04\/perskindol-patrick-fischer-preparation-physique-mentale.jpeg","width":1112,"height":626,"caption":"Le blog Perskindol offre des conseils et des astuces pour g\u00e9rer la douleur. D\u00e9couvrez nos articles pour vous aider \u00e0 mener une vie plus confortable."},{"@type":"BreadcrumbList","@id":"https:\/\/perskindol.ch\/fr\/blog\/preparation-physique-mentale-avec-patrick-fischer\/#breadcrumb","itemListElement":[{"@type":"ListItem","position":1,"name":"Home","item":"https:\/\/perskindol.ch\/"},{"@type":"ListItem","position":2,"name":"Pr\u00e9paration physique &#038; mentale avec Patrick Fischer"}]},{"@type":"WebSite","@id":"https:\/\/perskindol.ch\/fr\/#website","url":"https:\/\/perskindol.ch\/fr\/","name":"Perskindol\u00ae","description":"Fort contre la douleur","publisher":{"@id":"https:\/\/perskindol.ch\/fr\/#organization"},"potentialAction":[{"@type":"SearchAction","target":{"@type":"EntryPoint","urlTemplate":"https:\/\/perskindol.ch\/fr\/?s={search_term_string}"},"query-input":{"@type":"PropertyValueSpecification","valueRequired":true,"valueName":"search_term_string"}}],"inLanguage":"fr"},{"@type":"Organization","@id":"https:\/\/perskindol.ch\/fr\/#organization","name":"Perskindol\u00ae","url":"https:\/\/perskindol.ch\/fr\/","logo":{"@type":"ImageObject","inLanguage":"fr","@id":"https:\/\/perskindol.ch\/fr\/#\/schema\/logo\/image\/","url":"https:\/\/perskindol.ch\/wp-content\/uploads\/2021\/07\/logo_perskindol_dark.svg","contentUrl":"https:\/\/perskindol.ch\/wp-content\/uploads\/2021\/07\/logo_perskindol_dark.svg","width":127,"height":24,"caption":"Perskindol\u00ae"},"image":{"@id":"https:\/\/perskindol.ch\/fr\/#\/schema\/logo\/image\/"}},{"@type":"Person","@id":"https:\/\/perskindol.ch\/fr\/#\/schema\/person\/79a6cca87bdbfd171bf31fd466f34b6c","name":"John Ch\u00e2tel","image":{"@type":"ImageObject","inLanguage":"fr","@id":"https:\/\/secure.gravatar.com\/avatar\/4792abfedf04d0c042bb1fdf5c72fc5a479110a33c6ded4113e552e6d44a85ba?s=96&d=mm&r=g","url":"https:\/\/secure.gravatar.com\/avatar\/4792abfedf04d0c042bb1fdf5c72fc5a479110a33c6ded4113e552e6d44a85ba?s=96&d=mm&r=g","contentUrl":"https:\/\/secure.gravatar.com\/avatar\/4792abfedf04d0c042bb1fdf5c72fc5a479110a33c6ded4113e552e6d44a85ba?s=96&d=mm&r=g","caption":"John Ch\u00e2tel"},"sameAs":["https:\/\/perskindol.mediagood.ch"],"url":"https:\/\/perskindol.ch\/fr\/author\/john\/"}]}},"_links":{"self":[{"href":"https:\/\/perskindol.ch\/fr\/wp-json\/wp\/v2\/posts\/5935","targetHints":{"allow":["GET"]}}],"collection":[{"href":"https:\/\/perskindol.ch\/fr\/wp-json\/wp\/v2\/posts"}],"about":[{"href":"https:\/\/perskindol.ch\/fr\/wp-json\/wp\/v2\/types\/post"}],"author":[{"embeddable":true,"href":"https:\/\/perskindol.ch\/fr\/wp-json\/wp\/v2\/users\/1"}],"replies":[{"embeddable":true,"href":"https:\/\/perskindol.ch\/fr\/wp-json\/wp\/v2\/comments?post=5935"}],"version-history":[{"count":4,"href":"https:\/\/perskindol.ch\/fr\/wp-json\/wp\/v2\/posts\/5935\/revisions"}],"predecessor-version":[{"id":21819,"href":"https:\/\/perskindol.ch\/fr\/wp-json\/wp\/v2\/posts\/5935\/revisions\/21819"}],"wp:featuredmedia":[{"embeddable":true,"href":"https:\/\/perskindol.ch\/fr\/wp-json\/wp\/v2\/media\/18711"}],"wp:attachment":[{"href":"https:\/\/perskindol.ch\/fr\/wp-json\/wp\/v2\/media?parent=5935"}],"wp:term":[{"taxonomy":"category","embeddable":true,"href":"https:\/\/perskindol.ch\/fr\/wp-json\/wp\/v2\/categories?post=5935"},{"taxonomy":"post_tag","embeddable":true,"href":"https:\/\/perskindol.ch\/fr\/wp-json\/wp\/v2\/tags?post=5935"}],"curies":[{"name":"wp","href":"https:\/\/api.w.org\/{rel}","templated":true}]}}